{"id":628,"date":"2018-04-10T08:32:24","date_gmt":"2018-04-10T08:32:24","guid":{"rendered":"http:\/\/www.madacclima.com\/?p=628"},"modified":"2018-04-10T08:32:24","modified_gmt":"2018-04-10T08:32:24","slug":"obligaciones-para-la-industria-de-las-instalaciones-frigorificas","status":"publish","type":"post","link":"https:\/\/www.madacclima.com\/es\/obligaciones-para-la-industria-de-las-instalaciones-frigorificas\/","title":{"rendered":"OBLIGACIONES PARA LA INDUSTRIA DE LAS INSTALACIONES FRIGOR\u00cdFICAS"},"content":{"rendered":"<p>El 8 de marzo del a\u00f1o 2011 se public\u00f3 en el Bolet\u00edn Oficial del Estado el Real Decreto por el que se aprueban los Reglamentos de seguridad para los<strong>electrodom\u00e9sticos\u00a0<\/strong>de\u00a0<strong>industria<\/strong>,\u00a0<strong>maquinaria\u00a0<\/strong>y refrigeraci\u00f3n industrial. Este Decreto es una\u00a0<strong>\u00fatil\u00a0<\/strong>herramienta para el\u00a0<strong>uso\u00a0<\/strong>de este tipo de instalaciones, potenciando la seguridad de las personas y bienes, adem\u00e1s de proteger el medio ambiente.<\/p>\n<p>\u00bfQu\u00e9 obligaciones deben tener los titulares de las instalaciones frigor\u00edficas? A continuaci\u00f3n, detallamos todas<\/p>\n<h2>Responsabilidades de los titulares de las instalaciones<\/h2>\n<p>Los titulares de las instalaciones frigor\u00edficas y de los electrodom\u00e9sticos\u00a0ser\u00e1n responsables de los siguientes puntos:<\/p>\n<p>\u2013 Deben conocer e ir aplicando todo lo que se explica en este reglamento (art\u00edculo 18) en lo que respecta a c\u00f3mo funcionan y c\u00f3mo se acondicionan las instalaciones.<\/p>\n<p>\u2013 No se debe poner en funcionamiento la instalaci\u00f3n si no se recibe la documentaci\u00f3n detallada en el art\u00edculo 20.2.<\/p>\n<p>\u2013 Siguiendo las instrucciones, se debe contratar el mantenimiento adecuado y hacer las revisiones cada poco tiempo.<\/p>\n<p>\u2013 La instalaci\u00f3n debe contar con una persona encargada. Esta persona debe ser encargada de la misma.<\/p>\n<p>\u2013 Tras finalizar la jornada de trabajo, la persona comentada en el punto anterior debe realizar una revisi\u00f3n de la instalaci\u00f3n.<\/p>\n<p>\u2013 Los propietarios deben contar con un certificado de instalaci\u00f3n el\u00e9ctrica firmado correctamente por los instaladores.<\/p>\n<h3>Importante mantener al d\u00eda el\u00a0libro de registro de la instalaci\u00f3n<\/h3>\n<p>En este apartado se detallar\u00e1n.<\/p>\n<p>\u2013 Los electrodom\u00e9sticos o aparatos\u00a0industriales instalados con la informaci\u00f3n de marca o modelo.<\/p>\n<p>\u2013 La procedencia de los aparatos.<\/p>\n<p>\u2013 Empresa que ejecut\u00f3 la instalaci\u00f3n de los mismos.<\/p>\n<p>\u2013 Fecha de las primeras inspecciones y de las peri\u00f3dicas.<\/p>\n<p>\u2013 Las revisiones que deben realizarse\u00a0 y efectuadas con todo lujo de detalles de las mismas, empresa y su fecha de finalizaci\u00f3n.<\/p>\n<p>\u2013 Conservar certificado de instalaci\u00f3n e intervenciones posteriores a esa fecha.<\/p>\n<p>Por \u00faltimo, se debe contratar siempre a una empresa autorizada para esta\u00a0<strong>maquinaria\u00a0<\/strong>de\u00a0<strong>industria<\/strong>. Nosotros podemos ayudarte.<\/p>\n","protected":false},"excerpt":{"rendered":"<p>El 8 de marzo del a\u00f1o 2011 se public\u00f3 en el Bolet\u00edn Oficial del Estado el Real Decreto por el que se aprueban los Reglamentos de seguridad para loselectrodom\u00e9sticos\u00a0de\u00a0industria,\u00a0maquinaria\u00a0y refrigeraci\u00f3n industrial. Este Decreto es una\u00a0\u00fatil\u00a0herramienta para el\u00a0uso\u00a0de este tipo de instalaciones, potenciando la seguridad de&#8230;<\/p>\n","protected":false},"author":1,"featured_media":592,"comment_status":"open","ping_status":"closed","sticky":false,"template":"","format":"standard","meta":{"footnotes":""},"categories":[8],"tags":[],"class_list":["post-628","post","type-post","status-publish","format-standard","has-post-thumbnail","hentry","category-sin-categorizar"],"_links":{"self":[{"href":"https:\/\/www.madacclima.com\/es\/wp-json\/wp\/v2\/posts\/628","targetHints":{"allow":["GET"]}}],"collection":[{"href":"https:\/\/www.madacclima.com\/es\/wp-json\/wp\/v2\/posts"}],"about":[{"href":"https:\/\/www.madacclima.com\/es\/wp-json\/wp\/v2\/types\/post"}],"author":[{"embeddable":true,"href":"https:\/\/www.madacclima.com\/es\/wp-json\/wp\/v2\/users\/1"}],"replies":[{"embeddable":true,"href":"https:\/\/www.madacclima.com\/es\/wp-json\/wp\/v2\/comments?post=628"}],"version-history":[{"count":0,"href":"https:\/\/www.madacclima.com\/es\/wp-json\/wp\/v2\/posts\/628\/revisions"}],"wp:featuredmedia":[{"embeddable":true,"href":"https:\/\/www.madacclima.com\/es\/wp-json\/wp\/v2\/media\/592"}],"wp:attachment":[{"href":"https:\/\/www.madacclima.com\/es\/wp-json\/wp\/v2\/media?parent=628"}],"wp:term":[{"taxonomy":"category","embeddable":true,"href":"https:\/\/www.madacclima.com\/es\/wp-json\/wp\/v2\/categories?post=628"},{"taxonomy":"post_tag","embeddable":true,"href":"https:\/\/www.madacclima.com\/es\/wp-json\/wp\/v2\/tags?post=628"}],"curies":[{"name":"wp","href":"https:\/\/api.w.org\/{rel}","templated":true}]}}