{"id":1940,"date":"2022-12-05T14:12:29","date_gmt":"2022-12-05T14:12:29","guid":{"rendered":"https:\/\/www.madacclima.com\/?p=1940"},"modified":"2022-12-05T14:17:07","modified_gmt":"2022-12-05T14:17:07","slug":"temperatura-aire-acondicionat-invierno","status":"publish","type":"post","link":"https:\/\/www.madacclima.com\/es\/temperatura-aire-acondicionat-invierno\/","title":{"rendered":"\u00bfA qu\u00e9 temperatura poner el aire acondicionado en invierno?"},"content":{"rendered":"<div class=\"wpb-content-wrapper\"><p>[vc_row css_animation=\u00bb\u00bb row_type=\u00bbrow\u00bb use_row_as_full_screen_section=\u00bbno\u00bb type=\u00bbfull_width\u00bb angled_section=\u00bbno\u00bb text_align=\u00bbleft\u00bb background_image_as_pattern=\u00bbwithout_pattern\u00bb][vc_column][vc_column_text]<\/p>\n<div class=\"wpb_text_column wpb_content_element \">\n<div class=\"wpb_wrapper\">\n<p>El aire acondicionado no solo se usa en verano, sino que tambi\u00e9n es \u00fatil en las \u00e9pocas del a\u00f1o m\u00e1s fr\u00edas. En este art\u00edculo te explicamos cu\u00e1l debe ser la temperatura del aire acondicionado en invierno.<\/p>\n<\/div>\n<\/div>\n<p>[\/vc_column_text][vc_column_text css=\u00bb.vc_custom_1670249171334{margin-top: 30px !important;}\u00bb]<\/p>\n<h2><span style=\"color: #ff9900;\">\u00bfSe puede usar el aire acondicionado en invierno?<\/span><\/h2>\n<p>[\/vc_column_text][vc_column_text]<\/p>\n<div class=\"wpb_text_column wpb_content_element \">\n<div class=\"wpb_wrapper\">\n<p>El uso de los equipos de climatizaci\u00f3n se puede extender tambi\u00e9n al invierno. Esto aporta mayor confort en las \u00e9pocas m\u00e1s fr\u00edas del a\u00f1o y permite disfrutar de un ambiente m\u00e1s agradable.<\/p>\n<\/div>\n<\/div>\n<p>[\/vc_column_text][vc_row_inner row_type=\u00bbrow\u00bb type=\u00bbfull_width\u00bb text_align=\u00bbleft\u00bb css_animation=\u00bb\u00bb][vc_column_inner width=\u00bb1\/2&#8243; css=\u00bb.vc_custom_1625139272710{margin-top: 30px !important;}\u00bb][vc_single_image image=\u00bb1718&#8243; img_size=\u00bbfull\u00bb qode_css_animation=\u00bb\u00bb][\/vc_column_inner][vc_column_inner width=\u00bb1\/2&#8243; css=\u00bb.vc_custom_1625139256544{margin-top: 30px !important;}\u00bb][vc_column_text]Tengamos en cuenta varios aspectos esenciales:<\/p>\n<ul>\n<li>La mayor\u00eda de aparatos de aire acondicionado o climatizaci\u00f3n son reversibles (heat o cool).<\/li>\n<li>Esto hace que puedan funcionar como calefacci\u00f3n y aportar calor.<\/li>\n<li>Para ello, recurren a una bomba de calor que utiliza la termodin\u00e1mica.<\/li>\n<\/ul>\n<p>[\/vc_column_text][\/vc_column_inner][\/vc_row_inner][vc_row_inner row_type=\u00bbrow\u00bb type=\u00bbfull_width\u00bb text_align=\u00bbleft\u00bb css_animation=\u00bb\u00bb][vc_column_inner css=\u00bb.vc_custom_1625139256544{margin-top: 30px !important;}\u00bb][vc_column_text]Eso s\u00ed, para poder utilizar adecuadamente el modo invierno del aire acondicionado, es fundamental que valores estos factores:<br \/>\n1. Escoge un equipo eficiente. Durante el invierno, el consumo el\u00e9ctrico suele aumentar.<br \/>\n2. Cuando se acerque el mes de octubre, limpia bien el filtro o ll\u00e1manos para ayudarte.<br \/>\n3. A\u00edsla la estancia. Mant\u00e9n cerradas las puertas y las ventanas para que el calor no se disipe.<br \/>\n4. Programa con tiempo. Si lo haces una hora antes, tu casa tendr\u00e1 mejor temperatura cuando llegues.<br \/>\n5. Coloca el deflector en posici\u00f3n inferior, ya que el aire caliente tiende a subir.[\/vc_column_text][\/vc_column_inner][\/vc_row_inner][vc_row_inner row_type=\u00bbrow\u00bb type=\u00bbfull_width\u00bb text_align=\u00bbleft\u00bb css_animation=\u00bb\u00bb][vc_column_inner][vc_column_text css=\u00bb.vc_custom_1670249221767{margin-top: 30px !important;}\u00bb]<\/p>\n<h2><span style=\"color: #ff9900;\">\u00bfCu\u00e1l es la temperatura ideal del aire acondicionado en invierno?<\/span><\/h2>\n<p>[\/vc_column_text][vc_column_text]La temperatura del aire acondicionado en invierno recomendada es de, como m\u00e1ximo, 21 \u00baC. Eso s\u00ed, hay varios aspectos que te permitir\u00e1n saber a qu\u00e9 temperatura poner el aire acondicionado en invierno:<br \/>\n1. La ubicaci\u00f3n en la que vives. La costa suaviza las temperaturas, al contrario que la monta\u00f1a.<br \/>\n2. La distribuci\u00f3n de las estancias. Si hay corrientes de aire, la temperatura ser\u00e1 m\u00e1s baja.<br \/>\n3. La sensaci\u00f3n t\u00e9rmica en la casa. Si est\u00e1 fabricada en piedra (zonas rurales), el fr\u00edo ser\u00e1 mayor.<\/p>\n<p>Por otro lado, hay varias directrices por parte de las autoridades sanitarias respecto a cu\u00e1ntos grados se pone el aire en invierno, las m\u00e1s actuales son las medidas de ahorro y eficiencia energ\u00e9tica aprobadas por el Gobierno, que aunque solo aplican a establecimientos administrativos, comerciales y de p\u00fablica concurrencia, tienen una limitaci\u00f3n de la temperatura de la calefacci\u00f3n en 19 \u00baC<br \/>\nIndependientemente de estas directrices, debes tener en cuenta que:<\/p>\n<ul>\n<li>La temperatura por encima de los 23 \u00baC no es recomendable, ya que reseca el aire y puede resultar molesta.<\/li>\n<li>Es primordial que la diferencia t\u00e9rmica entre el interior y el exterior de un espacio no supere los 12 \u00baC.<\/li>\n<\/ul>\n<p><strong>A qu\u00e9 temperatura dormir con el aire acondicionado en invierno<\/strong><br \/>\nPor lo general, los sistemas de climatizaci\u00f3n disponen de programador. De este modo, pueden permanecer en funcionamiento durante varias horas y apagarse autom\u00e1ticamente. No hay que olvidar que, cuando dormimos, mitigamos el fr\u00edo con el paso de la noche, por lo que no necesitamos tanto calor.<\/p>\n<p>La temperatura ideal para dormir con el aire acondicionado en invierno debe oscilar entre los 15 y los 18 \u00baC. Para poner fin al debate sobre su uso, recurriremos a las indicaciones de SEPAR (Sociedad Espa\u00f1ola de Neumolog\u00eda y Cirug\u00eda Tor\u00e1cica):<\/p>\n<ul>\n<li>Ponerlo a una temperatura demasiado baja puede causar cuadros de catarro y laringitis.<\/li>\n<li>Nunca debes dejar el equipo de climatizaci\u00f3n por la noche a la misma temperatura que durante el d\u00eda.<\/li>\n<li>Lo recomendable es calentar la estancia antes de ir a dormir y una hora antes de despertarte.<\/li>\n<\/ul>\n<p>Por \u00faltimo, te proponemos un par de consejos m\u00e1s para evitar que te resfr\u00edes. Ten en cuenta que las temperaturas demasiado bajas pueden hacer que tus defensas bajen m\u00e1s mientras duermes:<\/p>\n<ul>\n<li>La calidez del ambiente influye directamente sobre el ritmo circadiano y la calidad del sue\u00f1o.<\/li>\n<li>En el caso de los ni\u00f1os, el contraste t\u00e9rmico entre interior y exterior debe ser algo menor que el citado en l\u00edneas anteriores.<\/li>\n<\/ul>\n<p>[\/vc_column_text][vc_column_text css=\u00bb.vc_custom_1670249299307{margin-top: 30px !important;}\u00bb]<\/p>\n<h2><span style=\"color: #ff9900;\">\u00bfA qu\u00e9 temperatura gasta menos el aire acondicionado en invierno?<\/span><\/h2>\n<p>[\/vc_column_text][vc_column_text]Como avanz\u00e1bamos antes, es primordial escoger un modelo con eficiencia energ\u00e9tica. Es decir, al\u00e9jate de los equipos que tengan una clasificaci\u00f3n G y opta por uno con A, como m\u00ednimo. Esto permitir\u00e1 que consuma menos electricidad. Pero \u00bfa qu\u00e9 temperatura gasta menos el aire acondicionado en invierno?<br \/>\nLos t\u00e9cnicos de aire acondicionado de Madacclima recomiendan:<\/p>\n<ul>\n<li>Por cada grado que se incrementa la temperatura, el consumo de energ\u00eda crece cerca de un 7 %.<\/li>\n<li>Lo mejor es bajar la temperatura unos 4 o 5 grados cuando salgamos de casa y subirla cuando regresemos.<\/li>\n<li>Si se colocan v\u00e1lvulas termost\u00e1ticas, se puede ahorrar entre un 8 y un 13 % de energ\u00eda adicional.<\/li>\n<\/ul>\n<p>Nuestros profesionales afirman que, para gastar menos, la temperatura ideal del aire acondicionado en invierno deber\u00eda estar entre 19 y 21\u00ba C. Esto se debe a dos factores esenciales:<br \/>\n1. La necesidad de renovar el aire es menor, por lo que basta con abrir las ventanas durante 10 minutos.<br \/>\n2. Se puede graduar m\u00e1s f\u00e1cilmente al salir de casa, incluso hasta los 15 \u00baC, para ahorrar m\u00e1s energ\u00eda.<br \/>\nComo has podido ver, la mejor temperatura para el aire acondicionado en invierno depende de varios factores. Eso s\u00ed, lo mejor es reducir al m\u00e1ximo la diferencia t\u00e9rmica entre el interior y el exterior.<\/p>\n<p>Cuando se acerquen las \u00e9pocas fr\u00edas, es esencial que un t\u00e9cnico especialista en aire acondicionado para revise tus instalaciones de bomba de calor.<\/p>\n<p>Y si quieres tener 1 revisi\u00f3n anual y tener cubiertas las reparaciones, nuestros servicios de mantenimiento es una opci\u00f3n muy aconsejable.[\/vc_column_text][vc_single_image image=\u00bb1728&#8243; img_size=\u00bbfull\u00bb qode_css_animation=\u00bb\u00bb][\/vc_column_inner][\/vc_row_inner][vc_empty_space][vc_column_text]<\/p>\n<div class=\"wpb_text_column wpb_content_element \">\n<div class=\"traductor-checkbox form-group\">\n<p>En Madac nos podemos encargar de todo.<\/p>\n<div class=\"traductor-checkbox form-group\">\n<div class=\"row\">\n<div class=\"col-sm-offset-2 col-sm-5\"><\/div>\n<\/div>\n<\/div>\n<\/div>\n<\/div>\n<div><strong>P\u00eddanos informaci\u00f3n sin ning\u00fan tipo de compromiso<\/strong> y lo asesoraremos en todo aquello que necesite. Tenemos las oficinas centrales en Sitges y en Vilafranca del Pened\u00e8s, pero alcanzamos todo el Garraf, el Alt Pened\u00e8s y en el Baix Pened\u00e8s. M\u00e1s de 6.000 clientes del territorio ya conf\u00edan nosotros.<\/div>\n<div>\n<div class=\"traductor-checkbox form-group\">\n<div class=\"row\">\n<div class=\"col-sm-offset-2 col-sm-5\"><\/div>\n<\/div>\n<\/div>\n<\/div>\n<div class=\"wpb_text_column wpb_content_element \">\n<div class=\"wpb_wrapper\">\n<div class=\"traductor-textarea form-group\">\n<div class=\"textarea-desti col-xs-12 col-sm-6\">\n<div class=\"form-control second-textarea\"><\/div>\n<\/div>\n<\/div>\n<\/div>\n<\/div>\n<div class=\"vc_empty_space\"><\/div>\n<p>[\/vc_column_text][vc_empty_space]\n<div class=\"wpcf7 no-js\" id=\"wpcf7-f512-o1\" lang=\"ca\" dir=\"ltr\" data-wpcf7-id=\"512\">\n<div class=\"screen-reader-response\"><p role=\"status\" aria-live=\"polite\" aria-atomic=\"true\"><\/p> <ul><\/ul><\/div>\n<form action=\"\/es\/wp-json\/wp\/v2\/posts\/1940#wpcf7-f512-o1\" method=\"post\" class=\"wpcf7-form init default\" aria-label=\"Formulari de contacte\" novalidate=\"novalidate\" data-status=\"init\">\n<fieldset class=\"hidden-fields-container\"><input type=\"hidden\" name=\"_wpcf7\" value=\"512\" \/><input type=\"hidden\" name=\"_wpcf7_version\" value=\"6.1.5\" \/><input type=\"hidden\" name=\"_wpcf7_locale\" value=\"ca\" \/><input type=\"hidden\" name=\"_wpcf7_unit_tag\" value=\"wpcf7-f512-o1\" \/><input type=\"hidden\" name=\"_wpcf7_container_post\" value=\"0\" \/><input type=\"hidden\" name=\"_wpcf7_posted_data_hash\" value=\"\" \/>\n<\/fieldset>\n<p><label> <span class=\"wpcf7-form-control-wrap\" data-name=\"your-name\"><input size=\"40\" maxlength=\"400\" class=\"wpcf7-form-control wpcf7-text wpcf7-validates-as-required\" aria-required=\"true\" aria-invalid=\"false\" placeholder=\"Nombre\" value=\"\" type=\"text\" name=\"your-name\" \/><\/span> <\/label>\n<\/p>\n<p><label> <span class=\"wpcf7-form-control-wrap\" data-name=\"your-email\"><input size=\"40\" maxlength=\"400\" class=\"wpcf7-form-control wpcf7-email wpcf7-validates-as-required wpcf7-text wpcf7-validates-as-email\" aria-required=\"true\" aria-invalid=\"false\" placeholder=\"Email\" value=\"\" type=\"email\" name=\"your-email\" \/><\/span> <\/label>\n<\/p>\n<p><label> <span class=\"wpcf7-form-control-wrap\" data-name=\"your-tel\"><input size=\"40\" maxlength=\"400\" class=\"wpcf7-form-control wpcf7-text\" aria-invalid=\"false\" placeholder=\"Tel\u00e9fono\" value=\"\" type=\"text\" name=\"your-tel\" \/><\/span> <\/label>\n<\/p>\n<p><label> <span class=\"wpcf7-form-control-wrap\" data-name=\"your-message\"><textarea cols=\"40\" rows=\"10\" maxlength=\"2000\" class=\"wpcf7-form-control wpcf7-textarea\" aria-invalid=\"false\" placeholder=\"Mensaje\" name=\"your-message\"><\/textarea><\/span> <\/label>\n<\/p>\n<p><span class=\"wpcf7-form-control-wrap\" data-name=\"acceptance-51\"><span class=\"wpcf7-form-control wpcf7-acceptance\"><span class=\"wpcf7-list-item\"><input type=\"checkbox\" name=\"acceptance-51\" value=\"1\" aria-invalid=\"false\" \/><\/span><\/span><\/span> He leido y acepto la <a target=\"_blank\" href=\"https:\/\/www.madacclima.com\/es\/aviso-legal\/\">Pol\u00edtica de privacidad<\/a>\n<\/p>\n<p><input class=\"wpcf7-form-control wpcf7-submit has-spinner\" type=\"submit\" value=\"Enviar\" \/>\n<\/p><div class=\"wpcf7-response-output\" aria-hidden=\"true\"><\/div>\n<\/form>\n<\/div>\n[vc_empty_space][vc_column_text]<\/p>\n<div class=\"wpb_text_column wpb_content_element \">\n<div class=\"wpb_wrapper\">\n<div class=\"traductor-textarea form-group\">\n<div class=\"textarea-desti col-xs-12 col-sm-6\">\n<div class=\"form-control second-textarea\">\n<div class=\"traductor-textarea form-group\">\n<div class=\"textarea-desti col-xs-12 col-sm-6\">\n<div class=\"form-control second-textarea\"><strong>Si se trata de un aire acondicionado que no d\u00e9 problemas, conf\u00ede su mantenimiento a\u00a0Madac.<\/strong><\/div>\n<\/div>\n<\/div>\n<div class=\"traductor-checkbox form-group\">\n<div class=\"row\">\n<div class=\"col-sm-offset-2 col-sm-5\"><\/div>\n<\/div>\n<\/div>\n<\/div>\n<\/div>\n<\/div>\n<\/div>\n<\/div>\n<div class=\"vc_empty_space\"><\/div>\n<p>[\/vc_column_text][\/vc_column][\/vc_row][vc_row css_animation=\u00bb\u00bb row_type=\u00bbrow\u00bb use_row_as_full_screen_section=\u00bbno\u00bb type=\u00bbfull_width\u00bb angled_section=\u00bbno\u00bb text_align=\u00bbleft\u00bb background_image_as_pattern=\u00bbwithout_pattern\u00bb css=\u00bb.vc_custom_1627466025709{margin-top: 30px !important;}\u00bb z_index=\u00bb\u00bb][vc_column][vc_column_text css=\u00bb.vc_custom_1670249531763{margin-top: 30px !important;}\u00bb]<\/p>\n<h2><span style=\"color: #ff9900;\">Art\u00edculos que te pueden interesar<\/span><\/h2>\n<p>[\/vc_column_text]\n<div class='latest_post_holder image_in_box  ' >\n    <ul>\n    \n        <li class=\"clearfix\">\n            <div class=\"latest_post\"  >\n                <div class=\"latest_post_image clearfix\">\n                    <a itemprop=\"url\" href=\"https:\/\/www.madacclima.com\/es\/aire-acondicionado-garraf\/\">\n                                                <img decoding=\"async\" itemprop=\"image\" data-src=\"https:\/\/www.madacclima.com\/wp-content\/uploads\/2023\/07\/installing-an-air-conditioner-in-an-apartment-offi-2021-12-09-22-09-41-utc-1-150x150.jpg\" alt=\"\" title=\"\" src=\"data:image\/svg+xml;base64,PHN2ZyB3aWR0aD0iMSIgaGVpZ2h0PSIxIiB4bWxucz0iaHR0cDovL3d3dy53My5vcmcvMjAwMC9zdmciPjwvc3ZnPg==\" class=\"lazyload\" style=\"--smush-placeholder-width: 150px; --smush-placeholder-aspect-ratio: 150\/150;\">\n                    <\/a>\n                <\/div>\n\n\n                <div class=\"latest_post_text\">\n                    <div class=\"latest_post_inner\">\n                        <div class=\"latest_post_text_inner\">\n                            <h5 itemprop=\"name\" class=\"latest_post_title entry_title\"><a itemprop=\"url\" href=\"https:\/\/www.madacclima.com\/es\/aire-acondicionado-garraf\/\">\u00a1La soluci\u00f3n experta en instalaci\u00f3n y reparaci\u00f3n de aire acondicionado en Garraf!<\/a><\/h5>\n                            <p itemprop=\"description\" class=\"excerpt\">Descubre como MadacClima, los expertos en aire acondicionado del Garraf, pueden resolver tus problemas con instalaciones y reparaciones. Obt\u00e9n un ambiente fresco y confortable en tu hogar o negocio. Conoce nuestros servicios hoy mismo!...<\/p>\n                            <span class=\"post_infos\">\n                                                                    <span class=\"date_hour_holder\">\n                                        <span itemprop=\"dateCreated\" class=\"date entry_date updated\">03 julio, 2023 <meta itemprop=\"interactionCount\" content=\"UserComments: 0\"\/><\/span>\n                                    <\/span>\n                                \n                                \n                                \n                                    <span class=\"dots\"><i class=\"fa fa-square\"><\/i><\/span>\n                                    <a itemprop=\"url\" class=\"post_comments\" href=\"\">No comment<\/a>\n                                \n                                \n                                                            <\/span>\n                        <\/div>\n                    <\/div>\n                <\/div>\n            <\/div>\n        <\/li>\n        \n        <li class=\"clearfix\">\n            <div class=\"latest_post\"  >\n                <div class=\"latest_post_image clearfix\">\n                    <a itemprop=\"url\" href=\"https:\/\/www.madacclima.com\/es\/temperatura-aire-acondicionat-invierno\/\">\n                                                <img decoding=\"async\" itemprop=\"image\" data-src=\"https:\/\/www.madacclima.com\/wp-content\/uploads\/2022\/12\/madacclima-aa-150x150.jpg\" alt=\"\" title=\"\" src=\"data:image\/svg+xml;base64,PHN2ZyB3aWR0aD0iMSIgaGVpZ2h0PSIxIiB4bWxucz0iaHR0cDovL3d3dy53My5vcmcvMjAwMC9zdmciPjwvc3ZnPg==\" class=\"lazyload\" style=\"--smush-placeholder-width: 150px; --smush-placeholder-aspect-ratio: 150\/150;\">\n                    <\/a>\n                <\/div>\n\n\n                <div class=\"latest_post_text\">\n                    <div class=\"latest_post_inner\">\n                        <div class=\"latest_post_text_inner\">\n                            <h5 itemprop=\"name\" class=\"latest_post_title entry_title\"><a itemprop=\"url\" href=\"https:\/\/www.madacclima.com\/es\/temperatura-aire-acondicionat-invierno\/\">\u00bfA qu\u00e9 temperatura poner el aire acondicionado en invierno?<\/a><\/h5>\n                            <p itemprop=\"description\" class=\"excerpt\">El aire acondicionado no solo se usa en verano, sino que tambi\u00e9n es \u00fatil en las \u00e9pocas del a\u00f1o m\u00e1s fr\u00edas. En este art\u00edculo te explicamos cu\u00e1l debe ser la temperatura del aire acondicionado en invierno....<\/p>\n                            <span class=\"post_infos\">\n                                                                    <span class=\"date_hour_holder\">\n                                        <span itemprop=\"dateCreated\" class=\"date entry_date updated\">05 diciembre, 2022 <meta itemprop=\"interactionCount\" content=\"UserComments: 0\"\/><\/span>\n                                    <\/span>\n                                \n                                \n                                \n                                    <span class=\"dots\"><i class=\"fa fa-square\"><\/i><\/span>\n                                    <a itemprop=\"url\" class=\"post_comments\" href=\"\">No comment<\/a>\n                                \n                                \n                                                            <\/span>\n                        <\/div>\n                    <\/div>\n                <\/div>\n            <\/div>\n        <\/li>\n        \n        <li class=\"clearfix\">\n            <div class=\"latest_post\"  >\n                <div class=\"latest_post_image clearfix\">\n                    <a itemprop=\"url\" href=\"https:\/\/www.madacclima.com\/es\/aire-acondicionado-zonificado\/\">\n                                                <img decoding=\"async\" itemprop=\"image\" data-src=\"https:\/\/www.madacclima.com\/wp-content\/uploads\/2023\/02\/smart-home-iot-wall-system-and-woman-with-digital-2023-01-18-06-09-32-utc-1-1-150x150.jpg\" alt=\"\" title=\"\" src=\"data:image\/svg+xml;base64,PHN2ZyB3aWR0aD0iMSIgaGVpZ2h0PSIxIiB4bWxucz0iaHR0cDovL3d3dy53My5vcmcvMjAwMC9zdmciPjwvc3ZnPg==\" class=\"lazyload\" style=\"--smush-placeholder-width: 150px; --smush-placeholder-aspect-ratio: 150\/150;\">\n                    <\/a>\n                <\/div>\n\n\n                <div class=\"latest_post_text\">\n                    <div class=\"latest_post_inner\">\n                        <div class=\"latest_post_text_inner\">\n                            <h5 itemprop=\"name\" class=\"latest_post_title entry_title\"><a itemprop=\"url\" href=\"https:\/\/www.madacclima.com\/es\/aire-acondicionado-zonificado\/\">Aire acondicionado zonificado<\/a><\/h5>\n                            <p itemprop=\"description\" class=\"excerpt\">El aire acondicionado zonificado es un sistema de climatizaci\u00f3n que permite controlar la temperatura de diferentes zonas o \u00e1reas de una vivienda o edificio de manera independiente....<\/p>\n                            <span class=\"post_infos\">\n                                                                    <span class=\"date_hour_holder\">\n                                        <span itemprop=\"dateCreated\" class=\"date entry_date updated\">27 febrero, 2023 <meta itemprop=\"interactionCount\" content=\"UserComments: 0\"\/><\/span>\n                                    <\/span>\n                                \n                                \n                                \n                                    <span class=\"dots\"><i class=\"fa fa-square\"><\/i><\/span>\n                                    <a itemprop=\"url\" class=\"post_comments\" href=\"\">No comment<\/a>\n                                \n                                \n                                                            <\/span>\n                        <\/div>\n                    <\/div>\n                <\/div>\n            <\/div>\n        <\/li>\n        \n    <\/ul>\n<\/div>[\/vc_column][\/vc_row]<\/p>\n<\/div>","protected":false},"excerpt":{"rendered":"<p>El aire acondicionado no solo se usa en verano, sino que tambi\u00e9n es \u00fatil en las \u00e9pocas del a\u00f1o m\u00e1s fr\u00edas. En este art\u00edculo te explicamos cu\u00e1l debe ser la temperatura del aire acondicionado en invierno.<\/p>\n","protected":false},"author":4,"featured_media":1945,"comment_status":"open","ping_status":"closed","sticky":false,"template":"","format":"standard","meta":{"footnotes":""},"categories":[34],"tags":[35,36,37,39,58],"class_list":["post-1940","post","type-post","status-publish","format-standard","has-post-thumbnail","hentry","category-aire-acondicionado","tag-aire-acondicionado","tag-empresa-instaladora-aire-acondicionado","tag-instalaciones-aire-acondicionado","tag-profesionales-certificados","tag-reparacions-aire-acondicionat-es"],"_links":{"self":[{"href":"https:\/\/www.madacclima.com\/es\/wp-json\/wp\/v2\/posts\/1940","targetHints":{"allow":["GET"]}}],"collection":[{"href":"https:\/\/www.madacclima.com\/es\/wp-json\/wp\/v2\/posts"}],"about":[{"href":"https:\/\/www.madacclima.com\/es\/wp-json\/wp\/v2\/types\/post"}],"author":[{"embeddable":true,"href":"https:\/\/www.madacclima.com\/es\/wp-json\/wp\/v2\/users\/4"}],"replies":[{"embeddable":true,"href":"https:\/\/www.madacclima.com\/es\/wp-json\/wp\/v2\/comments?post=1940"}],"version-history":[{"count":5,"href":"https:\/\/www.madacclima.com\/es\/wp-json\/wp\/v2\/posts\/1940\/revisions"}],"predecessor-version":[{"id":1947,"href":"https:\/\/www.madacclima.com\/es\/wp-json\/wp\/v2\/posts\/1940\/revisions\/1947"}],"wp:featuredmedia":[{"embeddable":true,"href":"https:\/\/www.madacclima.com\/es\/wp-json\/wp\/v2\/media\/1945"}],"wp:attachment":[{"href":"https:\/\/www.madacclima.com\/es\/wp-json\/wp\/v2\/media?parent=1940"}],"wp:term":[{"taxonomy":"category","embeddable":true,"href":"https:\/\/www.madacclima.com\/es\/wp-json\/wp\/v2\/categories?post=1940"},{"taxonomy":"post_tag","embeddable":true,"href":"https:\/\/www.madacclima.com\/es\/wp-json\/wp\/v2\/tags?post=1940"}],"curies":[{"name":"wp","href":"https:\/\/api.w.org\/{rel}","templated":true}]}}